{"id":452,"date":"2025-05-12T10:03:54","date_gmt":"2025-05-12T08:03:54","guid":{"rendered":"https:\/\/dein-bizz.de\/blog\/?p=452"},"modified":"2025-05-12T10:03:54","modified_gmt":"2025-05-12T08:03:54","slug":"unternehmenskommunikation-von-der-kommunikativen-stille-zur-relevanten-stimme","status":"publish","type":"post","link":"https:\/\/dein-bizz.de\/blog\/unternehmenskommunikation-von-der-kommunikativen-stille-zur-relevanten-stimme\/","title":{"rendered":"Unternehmenskommunikation: Von der kommunikativen Stille zur relevanten Stimme"},"content":{"rendered":"<h2><strong>Warum Unternehmen mehr ben\u00f6tigen als einen LinkedIn-Kurs \u2013 und wie echte Sichtbarkeit entsteht.<\/strong><\/h2>\n<div>\n<hr \/>\n<\/div>\n<p>Viele Unternehmen sind gut. Richtig gut sogar. Sie entwickeln gro\u00dfartige Produkte, haben kluge Leute an Bord, leben eine starke Kultur \u2013 und trotzdem: Drau\u00dfen merkt es keiner.<\/p>\n<p>Die Unternehmenskommunikation bleibt blass. Beitr\u00e4ge auf LinkedIn versanden. Die Website klingt wie die aller anderen. Und intern fragt man sich, warum so viel Gutes nicht gesehen wird.<\/p>\n<p>Die kurze Antwort? Weil Kommunikation nicht verankert ist. Die lange Antwort: Weil viele Unternehmen noch im alten Kommunikationsverst\u00e4ndnis stecken \u2013 obwohl sie l\u00e4ngst ein neues ben\u00f6tigen.<\/p>\n<div>\n<hr \/>\n<\/div>\n<h3>Der Status quo: Kommunikation als Nebenprodukt<\/h3>\n<p>In vielen mittelst\u00e4ndischen Unternehmen (und selbst in gr\u00f6\u00dferen Konzernen) ist Kommunikation ein Thema f\u00fcr sp\u00e4ter. F\u00fcr Marketing. F\u00fcr HR. F\u00fcr das Team, das sowieso schon zu viel auf dem Tisch hat.<\/p>\n<p>Dabei geht es nicht um Pressemitteilungen oder h\u00fcbsche Grafiken. Es geht um das, was Menschen da drau\u00dfen wirklich interessiert: Was macht dieses Unternehmen aus? Wof\u00fcr steht es? Wer sind die Menschen dahinter?<\/p>\n<p>Wenn Kommunikation keine Priorit\u00e4t ist, wird sie zum L\u00fcckenf\u00fcller. Zum Anh\u00e4ngsel. Zum Aufgabenpunkt auf der To-do-Liste. Sichtbarkeit entsteht dann nur durch Zufall \u2013 oder gar nicht.<\/p>\n<div>\n<hr \/>\n<\/div>\n<h3><a href=\"https:\/\/www.linkedin.com\/in\/deinbizz-bianca-schiffgens\/\">LinkedIn<\/a> allein reicht nicht als Unternehmenskommunikation<\/h3>\n<p>Viele Unternehmen investieren mittlerweile in <a href=\"https:\/\/dein-bizz.de\/linkedin-programme\/\">LinkedIn-Trainings<\/a>. Das ist gut \u2013 aber oft zu kurz gedacht. Denn LinkedIn ist ein Kanal. Kein System. Kein Konzept. Kein Kulturwandel.<\/p>\n<p>Ein paar Mitarbeitende werden geschult, posten vielleicht mal etwas \u2013 und dann? Dann geht es unter. Weil es keine Struktur gibt. Keine Verankerung. Keine Verbindung zur Strategie.<\/p>\n<p>Das ist, als w\u00fcrde man Menschen das Sprechen beibringen, aber ihnen nichts zu sagen geben.<\/p>\n<div>\n<hr \/>\n<\/div>\n<h3>Die eigentliche Herausforderung: Haltung, nicht Hashtags<\/h3>\n<p>Was heute fehlt, ist nicht mehr Output \u2013 sondern mehr Substanz. Kommunikation, die nicht nur informiert, sondern ber\u00fchrt. Menschen, die nicht nur posten, sondern etwas zu sagen haben. Und Unternehmen, die nicht nur senden, sondern sich zeigen.<\/p>\n<p>Diese Art von Kommunikation braucht Haltung. Und ein System, das sie f\u00f6rdert.<\/p>\n<p>Genau hier setzen wir als Agentur an.<\/p>\n<div>\n<hr \/>\n<\/div>\n<h3>Die Transformation, die Unternehmen heute brauchen<\/h3>\n<p><strong>Von:<\/strong><\/p>\n<ul data-spread=\"false\">\n<li>Kommunikation = Marketingjob<\/li>\n<li>Sichtbarkeit = Zufallsprodukt<\/li>\n<li>LinkedIn = Einzelaktion<\/li>\n<li>Kultur = internes PDF<\/li>\n<li>F\u00fchrung = lieber im Hintergrund<\/li>\n<\/ul>\n<p><strong>Zu:<\/strong><\/p>\n<ul data-spread=\"false\">\n<li>Kommunikation = strategisches Asset<\/li>\n<li>Sichtbarkeit = systematischer Teil der Positionierung<\/li>\n<li>LinkedIn = B\u00fchne f\u00fcr Expert:innen<\/li>\n<li>Kultur = erlebbar durch Menschen<\/li>\n<li>F\u00fchrung = sichtbar, glaubw\u00fcrdig, klar<\/li>\n<\/ul>\n<div>\n<hr \/>\n<\/div>\n<h3>Was bedeutet das konkret?<\/h3>\n<p>Ein Unternehmen, das sich kommunikativ transformiert, ver\u00e4ndert nicht nur, wie es gesehen wird \u2013 sondern auch, wie es wirkt:<\/p>\n<ul data-spread=\"false\">\n<li><strong>Talente<\/strong> kommen von selbst, weil sie sehen, wof\u00fcr das Unternehmen steht.<\/li>\n<li><strong>F\u00fchrungskr\u00e4fte<\/strong> treten als Meinungsbildner auf \u2013 nicht als Sprachlose im Wandel.<\/li>\n<li><strong>Fachabteilungen<\/strong> wie Tech oder Produktentwicklung gewinnen Sichtbarkeit und Gewicht.<\/li>\n<li><strong>Marketing<\/strong> wird entlastet, weil Kommunikation unternehmensweit getragen wird.<\/li>\n<li><strong>Kunden und Partner<\/strong> verstehen schneller, warum genau dieses Unternehmen der richtige Ansprechpartner ist.<\/li>\n<\/ul>\n<div>\n<hr \/>\n<\/div>\n<h3><a href=\"https:\/\/dein-bizz.de\/blog\/markenbotschafterprogramme-wie-mitarbeitende-und-fuehrungskraefte-zu-wertvollen-markenbotschaftern-werden\/\">Corporate Influencer<\/a>? Ja \u2013 aber bitte mit System<\/h3>\n<p>Der Begriff hat sich herumgesprochen. Viele Unternehmen denken dar\u00fcber nach, einzelne Mitarbeitende zu Markenbotschaftern zu machen. Aber was oft fehlt, ist ein klares Konzept:<\/p>\n<ul data-spread=\"false\">\n<li>Wer darf was posten?<\/li>\n<li>Was ist gew\u00fcnscht \u2013 und was nicht?<\/li>\n<li>Wie wird das Ganze in der Organisation verankert?<\/li>\n<li>Wie sieht Erfolg aus?<\/li>\n<\/ul>\n<p>Wir entwickeln keine Poster-Programme. Sondern Systeme. Strukturen. Und Haltung.<\/p>\n<p>Programme, die nicht nach drei Monaten wieder einschlafen. Sondern Kommunikation neu verankern \u2013 in den K\u00f6pfen und in der Organisation.<\/p>\n<div>\n<hr \/>\n<\/div>\n<h3>Warum das besonders f\u00fcr Marketing- und Tech-Leads relevant ist<\/h3>\n<p>Als Agentur sind unsere Zielgruppen sind nicht Abteilungen, die lange Freigabeschleifen brauchen. Sondern Entscheider:innen aus Marketing oder Tech \u2013 also Menschen mit Verantwortung, Wirkung und Budget.<\/p>\n<p>Warum? Weil hier der Hebel am gr\u00f6\u00dften ist. Und weil genau diese Menschen sp\u00fcren: Ohne Sichtbarkeit keine Relevanz. Und ohne Relevanz kein Fortschritt.<\/p>\n<p>Diese Gruppen wissen oft sehr genau, was sie sagen k\u00f6nnten \u2013 aber nicht, wie sie es in die Organisation bringen. Sie wollen keine Vortr\u00e4ge, sondern Umsetzung und Wirkung und Resultate.<\/p>\n<p>Und genau das bekommen sie.<\/p>\n<div>\n<hr \/>\n<\/div>\n<h3>Fazit: Unternehmenskommunikation ist kein Add-on \u2013 sie ist euer Hebel<\/h3>\n<p>Wer heute kommuniziert wie 2010, wird 2025 nicht mehr geh\u00f6rt. Wer sich hinter Logos versteckt, wird von Menschen \u00fcberholt. Und wer Kommunikation weiter als Aufgabe einer Abteilung versteht, verliert das gro\u00dfe Ganze aus dem Blick.<\/p>\n<p><strong>Unternehmenskommunikation ist nicht die K\u00fcr. Sie ist die Infrastruktur eurer Relevanz.<\/strong><\/p>\n<p>Wir helfen euch, diese Infrastruktur aufzubauen \u2013 mit System, Haltung und dem Blick f\u00fcrs Wesentliche.<\/p>\n<p>Keine Templates. Keine Worth\u00fclsen. Sondern echte Kommunikation \u2013 \u00fcber echte Menschen.<\/p>\n<div>\n<hr \/>\n<\/div>\n<p>Wenn du willst, dass man dein Unternehmen h\u00f6rt und sieht \u2013 lass uns reden.<\/p>\n","protected":false},"excerpt":{"rendered":"<p><span class=\"rt-reading-time\" style=\"display: block;\"><span class=\"rt-label rt-prefix\">Lesezeit:<\/span> <span class=\"rt-time\">3<\/span> <span class=\"rt-label rt-postfix\">Minuten<\/span><\/span> Warum Unternehmen mehr ben\u00f6tigen als einen LinkedIn-Kurs \u2013 und wie echte Sichtbarkeit entsteht. Viele Unternehmen sind gut. Richtig gut sogar. Sie entwickeln gro\u00dfartige Produkte, haben<\/p>\n","protected":false},"author":2,"featured_media":456,"comment_status":"closed","ping_status":"closed","sticky":false,"template":"","format":"standard","meta":{"footnotes":""},"categories":[1],"tags":[],"yoast_head":"<!-- This site is optimized with the Yoast SEO plugin v21.9.1 - https:\/\/yoast.com\/wordpress\/plugins\/seo\/ -->\n<title>Unternehmenskommunikation: Von der kommunikativen Stille zur relevanten Stimme - Blog - DEIN BIZZ<\/title>\n<meta name=\"description\" content=\"Unternehmenskommunikation: Von der kommunikativen Stille zur relevanten Stimme und warum Unternehmen mehr ben\u00f6tigen als einen LinkedIn-Kurs.\" \/>\n<meta name=\"robots\" content=\"index, follow, max-snippet:-1, max-image-preview:large, max-video-preview:-1\" \/>\n<link rel=\"canonical\" href=\"https:\/\/dein-bizz.de\/blog\/unternehmenskommunikation-von-der-kommunikativen-stille-zur-relevanten-stimme\/\" \/>\n<meta property=\"og:locale\" content=\"de_DE\" \/>\n<meta property=\"og:type\" content=\"article\" \/>\n<meta property=\"og:title\" content=\"Unternehmenskommunikation: Von der kommunikativen Stille zur relevanten Stimme - Blog - DEIN BIZZ\" \/>\n<meta property=\"og:description\" content=\"Unternehmenskommunikation: Von der kommunikativen Stille zur relevanten Stimme und warum Unternehmen mehr ben\u00f6tigen als einen LinkedIn-Kurs.\" \/>\n<meta property=\"og:url\" content=\"https:\/\/dein-bizz.de\/blog\/unternehmenskommunikation-von-der-kommunikativen-stille-zur-relevanten-stimme\/\" \/>\n<meta property=\"og:site_name\" content=\"Blog - DEIN BIZZ\" \/>\n<meta property=\"article:published_time\" content=\"2025-05-12T08:03:54+00:00\" \/>\n<meta property=\"og:image\" content=\"https:\/\/dein-bizz.de\/blog\/wp-content\/uploads\/2025\/05\/Unternehmenskommunikation_LinkedIn_1.jpg\" \/>\n\t<meta property=\"og:image:width\" content=\"1080\" \/>\n\t<meta property=\"og:image:height\" content=\"1080\" \/>\n\t<meta property=\"og:image:type\" content=\"image\/jpeg\" \/>\n<meta name=\"author\" content=\"Bianca Schiffgens\" \/>\n<meta name=\"twitter:card\" content=\"summary_large_image\" \/>\n<meta name=\"twitter:label1\" content=\"Verfasst von\" \/>\n\t<meta name=\"twitter:data1\" content=\"Bianca Schiffgens\" \/>\n\t<meta name=\"twitter:label2\" content=\"Gesch\u00e4tzte Lesezeit\" \/>\n\t<meta name=\"twitter:data2\" content=\"5\u00a0Minuten\" \/>\n<script type=\"application\/ld+json\" class=\"yoast-schema-graph\">{\"@context\":\"https:\/\/schema.org\",\"@graph\":[{\"@type\":\"Article\",\"@id\":\"https:\/\/dein-bizz.de\/blog\/unternehmenskommunikation-von-der-kommunikativen-stille-zur-relevanten-stimme\/#article\",\"isPartOf\":{\"@id\":\"https:\/\/dein-bizz.de\/blog\/unternehmenskommunikation-von-der-kommunikativen-stille-zur-relevanten-stimme\/\"},\"author\":{\"name\":\"Bianca Schiffgens\",\"@id\":\"https:\/\/dein-bizz.de\/blog\/#\/schema\/person\/3a59eb9b6abbdae39212ce87b760817e\"},\"headline\":\"Unternehmenskommunikation: Von der kommunikativen Stille zur relevanten Stimme\",\"datePublished\":\"2025-05-12T08:03:54+00:00\",\"dateModified\":\"2025-05-12T08:03:54+00:00\",\"mainEntityOfPage\":{\"@id\":\"https:\/\/dein-bizz.de\/blog\/unternehmenskommunikation-von-der-kommunikativen-stille-zur-relevanten-stimme\/\"},\"wordCount\":750,\"publisher\":{\"@id\":\"https:\/\/dein-bizz.de\/blog\/#organization\"},\"inLanguage\":\"de\"},{\"@type\":\"WebPage\",\"@id\":\"https:\/\/dein-bizz.de\/blog\/unternehmenskommunikation-von-der-kommunikativen-stille-zur-relevanten-stimme\/\",\"url\":\"https:\/\/dein-bizz.de\/blog\/unternehmenskommunikation-von-der-kommunikativen-stille-zur-relevanten-stimme\/\",\"name\":\"Unternehmenskommunikation: Von der kommunikativen Stille zur relevanten Stimme - Blog - DEIN BIZZ\",\"isPartOf\":{\"@id\":\"https:\/\/dein-bizz.de\/blog\/#website\"},\"datePublished\":\"2025-05-12T08:03:54+00:00\",\"dateModified\":\"2025-05-12T08:03:54+00:00\",\"description\":\"Unternehmenskommunikation: Von der kommunikativen Stille zur relevanten Stimme und warum Unternehmen mehr ben\u00f6tigen als einen LinkedIn-Kurs.\",\"breadcrumb\":{\"@id\":\"https:\/\/dein-bizz.de\/blog\/unternehmenskommunikation-von-der-kommunikativen-stille-zur-relevanten-stimme\/#breadcrumb\"},\"inLanguage\":\"de\",\"potentialAction\":[{\"@type\":\"ReadAction\",\"target\":[\"https:\/\/dein-bizz.de\/blog\/unternehmenskommunikation-von-der-kommunikativen-stille-zur-relevanten-stimme\/\"]}]},{\"@type\":\"BreadcrumbList\",\"@id\":\"https:\/\/dein-bizz.de\/blog\/unternehmenskommunikation-von-der-kommunikativen-stille-zur-relevanten-stimme\/#breadcrumb\",\"itemListElement\":[{\"@type\":\"ListItem\",\"position\":1,\"name\":\"Startseite\",\"item\":\"https:\/\/dein-bizz.de\/blog\/\"},{\"@type\":\"ListItem\",\"position\":2,\"name\":\"Unternehmenskommunikation: Von der kommunikativen Stille zur relevanten Stimme\"}]},{\"@type\":\"WebSite\",\"@id\":\"https:\/\/dein-bizz.de\/blog\/#website\",\"url\":\"https:\/\/dein-bizz.de\/blog\/\",\"name\":\"Blog - DEIN BIZZ\",\"description\":\"\",\"publisher\":{\"@id\":\"https:\/\/dein-bizz.de\/blog\/#organization\"},\"potentialAction\":[{\"@type\":\"SearchAction\",\"target\":{\"@type\":\"EntryPoint\",\"urlTemplate\":\"https:\/\/dein-bizz.de\/blog\/?s={search_term_string}\"},\"query-input\":\"required name=search_term_string\"}],\"inLanguage\":\"de\"},{\"@type\":\"Organization\",\"@id\":\"https:\/\/dein-bizz.de\/blog\/#organization\",\"name\":\"Blog - DEIN BIZZ\",\"url\":\"https:\/\/dein-bizz.de\/blog\/\",\"logo\":{\"@type\":\"ImageObject\",\"inLanguage\":\"de\",\"@id\":\"https:\/\/dein-bizz.de\/blog\/#\/schema\/logo\/image\/\",\"url\":\"https:\/\/dein-bizz.de\/blog\/wp-content\/uploads\/2020\/07\/DB_SW-s.png\",\"contentUrl\":\"https:\/\/dein-bizz.de\/blog\/wp-content\/uploads\/2020\/07\/DB_SW-s.png\",\"width\":226,\"height\":69,\"caption\":\"Blog - DEIN BIZZ\"},\"image\":{\"@id\":\"https:\/\/dein-bizz.de\/blog\/#\/schema\/logo\/image\/\"}},{\"@type\":\"Person\",\"@id\":\"https:\/\/dein-bizz.de\/blog\/#\/schema\/person\/3a59eb9b6abbdae39212ce87b760817e\",\"name\":\"Bianca Schiffgens\",\"sameAs\":[\"https:\/\/dein-bizz.de\"],\"url\":\"https:\/\/dein-bizz.de\/blog\/author\/bi\/\"}]}<\/script>\n<!-- \/ Yoast SEO plugin. -->","yoast_head_json":{"title":"Unternehmenskommunikation: Von der kommunikativen Stille zur relevanten Stimme - Blog - DEIN BIZZ","description":"Unternehmenskommunikation: Von der kommunikativen Stille zur relevanten Stimme und warum Unternehmen mehr ben\u00f6tigen als einen LinkedIn-Kurs.","robots":{"index":"index","follow":"follow","max-snippet":"max-snippet:-1","max-image-preview":"max-image-preview:large","max-video-preview":"max-video-preview:-1"},"canonical":"https:\/\/dein-bizz.de\/blog\/unternehmenskommunikation-von-der-kommunikativen-stille-zur-relevanten-stimme\/","og_locale":"de_DE","og_type":"article","og_title":"Unternehmenskommunikation: Von der kommunikativen Stille zur relevanten Stimme - Blog - DEIN BIZZ","og_description":"Unternehmenskommunikation: Von der kommunikativen Stille zur relevanten Stimme und warum Unternehmen mehr ben\u00f6tigen als einen LinkedIn-Kurs.","og_url":"https:\/\/dein-bizz.de\/blog\/unternehmenskommunikation-von-der-kommunikativen-stille-zur-relevanten-stimme\/","og_site_name":"Blog - DEIN BIZZ","article_published_time":"2025-05-12T08:03:54+00:00","og_image":[{"width":1080,"height":1080,"url":"https:\/\/dein-bizz.de\/blog\/wp-content\/uploads\/2025\/05\/Unternehmenskommunikation_LinkedIn_1.jpg","type":"image\/jpeg"}],"author":"Bianca Schiffgens","twitter_card":"summary_large_image","twitter_misc":{"Verfasst von":"Bianca Schiffgens","Gesch\u00e4tzte Lesezeit":"5\u00a0Minuten"},"schema":{"@context":"https:\/\/schema.org","@graph":[{"@type":"Article","@id":"https:\/\/dein-bizz.de\/blog\/unternehmenskommunikation-von-der-kommunikativen-stille-zur-relevanten-stimme\/#article","isPartOf":{"@id":"https:\/\/dein-bizz.de\/blog\/unternehmenskommunikation-von-der-kommunikativen-stille-zur-relevanten-stimme\/"},"author":{"name":"Bianca Schiffgens","@id":"https:\/\/dein-bizz.de\/blog\/#\/schema\/person\/3a59eb9b6abbdae39212ce87b760817e"},"headline":"Unternehmenskommunikation: Von der kommunikativen Stille zur relevanten Stimme","datePublished":"2025-05-12T08:03:54+00:00","dateModified":"2025-05-12T08:03:54+00:00","mainEntityOfPage":{"@id":"https:\/\/dein-bizz.de\/blog\/unternehmenskommunikation-von-der-kommunikativen-stille-zur-relevanten-stimme\/"},"wordCount":750,"publisher":{"@id":"https:\/\/dein-bizz.de\/blog\/#organization"},"inLanguage":"de"},{"@type":"WebPage","@id":"https:\/\/dein-bizz.de\/blog\/unternehmenskommunikation-von-der-kommunikativen-stille-zur-relevanten-stimme\/","url":"https:\/\/dein-bizz.de\/blog\/unternehmenskommunikation-von-der-kommunikativen-stille-zur-relevanten-stimme\/","name":"Unternehmenskommunikation: Von der kommunikativen Stille zur relevanten Stimme - Blog - DEIN BIZZ","isPartOf":{"@id":"https:\/\/dein-bizz.de\/blog\/#website"},"datePublished":"2025-05-12T08:03:54+00:00","dateModified":"2025-05-12T08:03:54+00:00","description":"Unternehmenskommunikation: Von der kommunikativen Stille zur relevanten Stimme und warum Unternehmen mehr ben\u00f6tigen als einen LinkedIn-Kurs.","breadcrumb":{"@id":"https:\/\/dein-bizz.de\/blog\/unternehmenskommunikation-von-der-kommunikativen-stille-zur-relevanten-stimme\/#breadcrumb"},"inLanguage":"de","potentialAction":[{"@type":"ReadAction","target":["https:\/\/dein-bizz.de\/blog\/unternehmenskommunikation-von-der-kommunikativen-stille-zur-relevanten-stimme\/"]}]},{"@type":"BreadcrumbList","@id":"https:\/\/dein-bizz.de\/blog\/unternehmenskommunikation-von-der-kommunikativen-stille-zur-relevanten-stimme\/#breadcrumb","itemListElement":[{"@type":"ListItem","position":1,"name":"Startseite","item":"https:\/\/dein-bizz.de\/blog\/"},{"@type":"ListItem","position":2,"name":"Unternehmenskommunikation: Von der kommunikativen Stille zur relevanten Stimme"}]},{"@type":"WebSite","@id":"https:\/\/dein-bizz.de\/blog\/#website","url":"https:\/\/dein-bizz.de\/blog\/","name":"Blog - DEIN BIZZ","description":"","publisher":{"@id":"https:\/\/dein-bizz.de\/blog\/#organization"},"potentialAction":[{"@type":"SearchAction","target":{"@type":"EntryPoint","urlTemplate":"https:\/\/dein-bizz.de\/blog\/?s={search_term_string}"},"query-input":"required name=search_term_string"}],"inLanguage":"de"},{"@type":"Organization","@id":"https:\/\/dein-bizz.de\/blog\/#organization","name":"Blog - DEIN BIZZ","url":"https:\/\/dein-bizz.de\/blog\/","logo":{"@type":"ImageObject","inLanguage":"de","@id":"https:\/\/dein-bizz.de\/blog\/#\/schema\/logo\/image\/","url":"https:\/\/dein-bizz.de\/blog\/wp-content\/uploads\/2020\/07\/DB_SW-s.png","contentUrl":"https:\/\/dein-bizz.de\/blog\/wp-content\/uploads\/2020\/07\/DB_SW-s.png","width":226,"height":69,"caption":"Blog - DEIN BIZZ"},"image":{"@id":"https:\/\/dein-bizz.de\/blog\/#\/schema\/logo\/image\/"}},{"@type":"Person","@id":"https:\/\/dein-bizz.de\/blog\/#\/schema\/person\/3a59eb9b6abbdae39212ce87b760817e","name":"Bianca Schiffgens","sameAs":["https:\/\/dein-bizz.de"],"url":"https:\/\/dein-bizz.de\/blog\/author\/bi\/"}]}},"_links":{"self":[{"href":"https:\/\/dein-bizz.de\/blog\/wp-json\/wp\/v2\/posts\/452"}],"collection":[{"href":"https:\/\/dein-bizz.de\/blog\/wp-json\/wp\/v2\/posts"}],"about":[{"href":"https:\/\/dein-bizz.de\/blog\/wp-json\/wp\/v2\/types\/post"}],"author":[{"embeddable":true,"href":"https:\/\/dein-bizz.de\/blog\/wp-json\/wp\/v2\/users\/2"}],"replies":[{"embeddable":true,"href":"https:\/\/dein-bizz.de\/blog\/wp-json\/wp\/v2\/comments?post=452"}],"version-history":[{"count":1,"href":"https:\/\/dein-bizz.de\/blog\/wp-json\/wp\/v2\/posts\/452\/revisions"}],"predecessor-version":[{"id":457,"href":"https:\/\/dein-bizz.de\/blog\/wp-json\/wp\/v2\/posts\/452\/revisions\/457"}],"wp:featuredmedia":[{"embeddable":true,"href":"https:\/\/dein-bizz.de\/blog\/wp-json\/wp\/v2\/media\/456"}],"wp:attachment":[{"href":"https:\/\/dein-bizz.de\/blog\/wp-json\/wp\/v2\/media?parent=452"}],"wp:term":[{"taxonomy":"category","embeddable":true,"href":"https:\/\/dein-bizz.de\/blog\/wp-json\/wp\/v2\/categories?post=452"},{"taxonomy":"post_tag","embeddable":true,"href":"https:\/\/dein-bizz.de\/blog\/wp-json\/wp\/v2\/tags?post=452"}],"curies":[{"name":"wp","href":"https:\/\/api.w.org\/{rel}","templated":true}]}}