{"id":184,"date":"2020-06-15T10:00:53","date_gmt":"2020-06-15T08:00:53","guid":{"rendered":"https:\/\/dein-bizz.de\/blog\/?p=184"},"modified":"2020-11-13T15:26:17","modified_gmt":"2020-11-13T14:26:17","slug":"gruender-krise","status":"publish","type":"post","link":"https:\/\/dein-bizz.de\/blog\/gruender-krise\/","title":{"rendered":"Sind Gr\u00fcnder die gr\u00f6\u00dften Verlier in der Krise?"},"content":{"rendered":"<h2>Wird das Jahr 2020 zum Super Gau? Wirtschaftlich schlimmer als die Krise 2008?<\/h2>\n<p>Man wei\u00df es nicht \u2013 die Prognosen der Experten sagen aber nichts Gutes voraus.<\/p>\n<p>Gr\u00fcnder, mit denen ich gesprochen habe, stehen je nach Business, vor dem existenziellen Aus. Hier hilft keine Steuererleichterung oder ein Kredit, der dann ja irgendwann auch zur\u00fcckgezahlt werden will. Menschen, die sich gerade, vor einem Jahr oder auch schon l\u00e4nger selbstst\u00e4ndig gemacht haben, sehen keinen rosigen Zeiten entgegen.<\/p>\n<h3>Woher nehmen, wenn nicht stehlen<\/h3>\n<p>Lieferstopps, abgesagte Workshops, Konferenzen und Messen. Von der Working Mom \u00fcber Event-Agenturen, bis hin zum Caterer oder dem Sicherheitsingenieur.\u00a0Das Leben steht still. Den wenigen oder ganz wegfallenden Einnahmen durch Absagen, Stornierungen oder dem offiziellen Versammlungsverbot, steht ein Berg von finanziellen Verpflichtungen gegen\u00fcber.<\/p>\n<h3>Einzelunternehmer, frisch gegr\u00fcndet<\/h3>\n<p>Zu all den gesch\u00e4ftlichen Ausf\u00e4llen, die man eventuell anders auffangen k\u00f6nnte, haben vor allem selbstst\u00e4ndige M\u00fctter ein gro\u00dfes Problem. Ein oder zwei, manchmal sind es auch mehr Kinder, die jetzt zu Hause betreut werden m\u00fcssen. Also keine Chance, trotzdem im Laden zu sein, den Workshop online zu halten oder seine Produkte durch einen schnell eingerichteten Lieferservice an die Kunden zu bringen.<\/p>\n<p>Die Frustration ist gro\u00df, die Traurigkeit, das eigene Business vielleicht nach nur wenigen Monaten an den Nagel h\u00e4ngen zu m\u00fcssen, ist nicht in Worte zu fassen.<\/p>\n<h3>Remote &#8211; die L\u00f6sung?<\/h3>\n<p>Clever war also der, der im Online Business unterwegs ist? Auch nicht immer.<\/p>\n<p>Aber sicher k\u00f6nnen Unternehmen die den Hashtag #newwork unter ihre t\u00e4glichen Posts bei Instagram schreiben, ein bisschen besser agieren, denn vermutlich gibt es hier die klar kommunizierte Weisung: Remote arbeiten! Das hei\u00dft im Homeoffice online die Gesch\u00e4fte abwickeln, Konferenzen abhalten, Workshops leiten.<\/p>\n<h3>Agil sein in Zeiten wie diesen<\/h3>\n<p>Agilit\u00e4t in Zeiten des Corona Virus wird neu definiert. Es wird ein Ruck durch KMUs gehen, die sich bis heute gegen den ganzen \u201eFirlefanz\u201c gewehrt haben. Gesch\u00e4ftsf\u00fchren rate ich, nimm die Challenge an. Wenn du dir f\u00fcr diesen Prozess einen agilen Coach oder einen Change Manager ins Haus holst und bereit bist f\u00fcr Ver\u00e4nderung, wird es sich befreien und dein Unternehmen auf ein ganz anderes Level bringen.<\/p>\n<p>Jetzt wirst du sagen: \u201eErst einmal die Krise \u00fcberstehen und dann schauen wir &#8230;\u201c<\/p>\n<h3>Produktiv im Homeoffice<\/h3>\n<p>Hier empfehle ich dir genau das Gegenteil. Homeoffice ist kein Sonderurlaub, sondern jeder Mitarbeiter sollte in Zeiten wie diesen abgeholt werden, \u00fcber Umsatzzahlen informiert sein und so klar signalisiert bekommen, wie es um die Firma und entsprechend seinen Job steht.<\/p>\n<h3>Transparenz und Motivation ist alles<\/h3>\n<p>Gehe mit gutem Beispiel voran und motiviere mit deinem Tun und Handeln, seien agil, seie aktiv und kreativ. Lass ein bisschen #newwork in deine Firma einziehen. Gewohnte Meetings einhalten, nur eben virtuell. Das Produktportfolio \u00fcberdenken, neue Ans\u00e4tze finden. Beruhigende Kommunikation in Richtung deiner Dienstleister und vor allem bei den Kunden, hier solltest du dich k\u00fcmmern. Durch Wertsch\u00e4tzung zeigst du, dass man an sie denkt.<\/p>\n<p>Das gilt nicht nur f\u00fcr Unternehmen, sondern vor allem auch f\u00fcr die \u201eKleinen\u201c, die Gr\u00fcnder, die Freelancer.<\/p>\n<h3>Lockdown als Chance<\/h3>\n<p>Sieh diese Zeit als Chance! Nutze dein Netzwerk. Tausche dich aus. Helft euch gegenseitig. Sei transparent und nutz&#8216; die Angebote, die man virtuell bietet. Gib&#8216; das, was andere von dir lernen k\u00f6nnen. Es wird in irgendeiner Form wieder zu dir zur\u00fcckkommen! Bestimmt!<\/p>\n<p><strong>Bleib mutig!\u00a0Bleib gesund!<\/strong><\/p>\n<p>Bianca<\/p>\n<p>&nbsp;<\/p>\n<div class=\"level__left\">\n<div class=\"level__item\">\n<div class=\"js-copy-attribute-content photo-page__adp-cta__container__attribution\">Foto von <strong><a href=\"https:\/\/www.pexels.com\/de-de\/@fauxels?utm_content=attributionCopyText&amp;utm_medium=referral&amp;utm_source=pexels\">fauxels<\/a><\/strong> von <strong><a href=\"https:\/\/www.pexels.com\/de-de\/foto\/fashion-mode-menschen-frau-3184404\/?utm_content=attributionCopyText&amp;utm_medium=referral&amp;utm_source=pexels\">Pexels<\/a><\/strong><\/div>\n<\/div>\n<\/div>\n<div class=\"level__right\">\n<div class=\"level__item\"><\/div>\n<\/div>\n","protected":false},"excerpt":{"rendered":"<p><span class=\"rt-reading-time\" style=\"display: block;\"><span class=\"rt-label rt-prefix\">Lesezeit:<\/span> <span class=\"rt-time\">2<\/span> <span class=\"rt-label rt-postfix\">Minuten<\/span><\/span> Wird das Jahr 2020 zum Super Gau? Wirtschaftlich schlimmer als die Krise 2008? Man wei\u00df es nicht \u2013 die Prognosen der Experten sagen aber nichts<\/p>\n","protected":false},"author":2,"featured_media":158,"comment_status":"closed","ping_status":"closed","sticky":false,"template":"","format":"standard","meta":{"footnotes":""},"categories":[1],"tags":[],"yoast_head":"<!-- This site is optimized with the Yoast SEO plugin v21.9.1 - https:\/\/yoast.com\/wordpress\/plugins\/seo\/ -->\n<title>Sind Gr\u00fcnder die gr\u00f6\u00dften Verlier in der Krise? - Blog - DEIN BIZZ<\/title>\n<meta name=\"robots\" content=\"index, follow, max-snippet:-1, max-image-preview:large, max-video-preview:-1\" \/>\n<link rel=\"canonical\" href=\"https:\/\/dein-bizz.de\/blog\/gruender-krise\/\" \/>\n<meta property=\"og:locale\" content=\"de_DE\" \/>\n<meta property=\"og:type\" content=\"article\" \/>\n<meta property=\"og:title\" content=\"Sind Gr\u00fcnder die gr\u00f6\u00dften Verlier in der Krise? - Blog - DEIN BIZZ\" \/>\n<meta property=\"og:description\" content=\"Lesezeit: 2 Minuten Wird das Jahr 2020 zum Super Gau? Wirtschaftlich schlimmer als die Krise 2008? Man wei\u00df es nicht \u2013 die Prognosen der Experten sagen aber nichts\" \/>\n<meta property=\"og:url\" content=\"https:\/\/dein-bizz.de\/blog\/gruender-krise\/\" \/>\n<meta property=\"og:site_name\" content=\"Blog - DEIN BIZZ\" \/>\n<meta property=\"article:published_time\" content=\"2020-06-15T08:00:53+00:00\" \/>\n<meta property=\"article:modified_time\" content=\"2020-11-13T14:26:17+00:00\" \/>\n<meta property=\"og:image\" content=\"https:\/\/dein-bizz.de\/blog\/wp-content\/uploads\/2020\/11\/Gruender_Krise_1.png\" \/>\n\t<meta property=\"og:image:width\" content=\"415\" \/>\n\t<meta property=\"og:image:height\" content=\"480\" \/>\n\t<meta property=\"og:image:type\" content=\"image\/png\" \/>\n<meta name=\"author\" content=\"Bianca Schiffgens\" \/>\n<meta name=\"twitter:card\" content=\"summary_large_image\" \/>\n<meta name=\"twitter:label1\" content=\"Verfasst von\" \/>\n\t<meta name=\"twitter:data1\" content=\"Bianca Schiffgens\" \/>\n\t<meta name=\"twitter:label2\" content=\"Gesch\u00e4tzte Lesezeit\" \/>\n\t<meta name=\"twitter:data2\" content=\"3\u00a0Minuten\" \/>\n<script type=\"application\/ld+json\" class=\"yoast-schema-graph\">{\"@context\":\"https:\/\/schema.org\",\"@graph\":[{\"@type\":\"Article\",\"@id\":\"https:\/\/dein-bizz.de\/blog\/gruender-krise\/#article\",\"isPartOf\":{\"@id\":\"https:\/\/dein-bizz.de\/blog\/gruender-krise\/\"},\"author\":{\"name\":\"Bianca Schiffgens\",\"@id\":\"https:\/\/dein-bizz.de\/blog\/#\/schema\/person\/3a59eb9b6abbdae39212ce87b760817e\"},\"headline\":\"Sind Gr\u00fcnder die gr\u00f6\u00dften Verlier in der Krise?\",\"datePublished\":\"2020-06-15T08:00:53+00:00\",\"dateModified\":\"2020-11-13T14:26:17+00:00\",\"mainEntityOfPage\":{\"@id\":\"https:\/\/dein-bizz.de\/blog\/gruender-krise\/\"},\"wordCount\":584,\"publisher\":{\"@id\":\"https:\/\/dein-bizz.de\/blog\/#organization\"},\"inLanguage\":\"de\"},{\"@type\":\"WebPage\",\"@id\":\"https:\/\/dein-bizz.de\/blog\/gruender-krise\/\",\"url\":\"https:\/\/dein-bizz.de\/blog\/gruender-krise\/\",\"name\":\"Sind Gr\u00fcnder die gr\u00f6\u00dften Verlier in der Krise? - Blog - DEIN BIZZ\",\"isPartOf\":{\"@id\":\"https:\/\/dein-bizz.de\/blog\/#website\"},\"datePublished\":\"2020-06-15T08:00:53+00:00\",\"dateModified\":\"2020-11-13T14:26:17+00:00\",\"breadcrumb\":{\"@id\":\"https:\/\/dein-bizz.de\/blog\/gruender-krise\/#breadcrumb\"},\"inLanguage\":\"de\",\"potentialAction\":[{\"@type\":\"ReadAction\",\"target\":[\"https:\/\/dein-bizz.de\/blog\/gruender-krise\/\"]}]},{\"@type\":\"BreadcrumbList\",\"@id\":\"https:\/\/dein-bizz.de\/blog\/gruender-krise\/#breadcrumb\",\"itemListElement\":[{\"@type\":\"ListItem\",\"position\":1,\"name\":\"Startseite\",\"item\":\"https:\/\/dein-bizz.de\/blog\/\"},{\"@type\":\"ListItem\",\"position\":2,\"name\":\"Sind Gr\u00fcnder die gr\u00f6\u00dften Verlier in der Krise?\"}]},{\"@type\":\"WebSite\",\"@id\":\"https:\/\/dein-bizz.de\/blog\/#website\",\"url\":\"https:\/\/dein-bizz.de\/blog\/\",\"name\":\"Blog - DEIN BIZZ\",\"description\":\"\",\"publisher\":{\"@id\":\"https:\/\/dein-bizz.de\/blog\/#organization\"},\"potentialAction\":[{\"@type\":\"SearchAction\",\"target\":{\"@type\":\"EntryPoint\",\"urlTemplate\":\"https:\/\/dein-bizz.de\/blog\/?s={search_term_string}\"},\"query-input\":\"required name=search_term_string\"}],\"inLanguage\":\"de\"},{\"@type\":\"Organization\",\"@id\":\"https:\/\/dein-bizz.de\/blog\/#organization\",\"name\":\"Blog - DEIN BIZZ\",\"url\":\"https:\/\/dein-bizz.de\/blog\/\",\"logo\":{\"@type\":\"ImageObject\",\"inLanguage\":\"de\",\"@id\":\"https:\/\/dein-bizz.de\/blog\/#\/schema\/logo\/image\/\",\"url\":\"https:\/\/dein-bizz.de\/blog\/wp-content\/uploads\/2020\/07\/DB_SW-s.png\",\"contentUrl\":\"https:\/\/dein-bizz.de\/blog\/wp-content\/uploads\/2020\/07\/DB_SW-s.png\",\"width\":226,\"height\":69,\"caption\":\"Blog - DEIN BIZZ\"},\"image\":{\"@id\":\"https:\/\/dein-bizz.de\/blog\/#\/schema\/logo\/image\/\"}},{\"@type\":\"Person\",\"@id\":\"https:\/\/dein-bizz.de\/blog\/#\/schema\/person\/3a59eb9b6abbdae39212ce87b760817e\",\"name\":\"Bianca Schiffgens\",\"sameAs\":[\"https:\/\/dein-bizz.de\"],\"url\":\"https:\/\/dein-bizz.de\/blog\/author\/bi\/\"}]}<\/script>\n<!-- \/ Yoast SEO plugin. -->","yoast_head_json":{"title":"Sind Gr\u00fcnder die gr\u00f6\u00dften Verlier in der Krise? - Blog - DEIN BIZZ","robots":{"index":"index","follow":"follow","max-snippet":"max-snippet:-1","max-image-preview":"max-image-preview:large","max-video-preview":"max-video-preview:-1"},"canonical":"https:\/\/dein-bizz.de\/blog\/gruender-krise\/","og_locale":"de_DE","og_type":"article","og_title":"Sind Gr\u00fcnder die gr\u00f6\u00dften Verlier in der Krise? - Blog - DEIN BIZZ","og_description":"Lesezeit: 2 Minuten Wird das Jahr 2020 zum Super Gau? Wirtschaftlich schlimmer als die Krise 2008? Man wei\u00df es nicht \u2013 die Prognosen der Experten sagen aber nichts","og_url":"https:\/\/dein-bizz.de\/blog\/gruender-krise\/","og_site_name":"Blog - DEIN BIZZ","article_published_time":"2020-06-15T08:00:53+00:00","article_modified_time":"2020-11-13T14:26:17+00:00","og_image":[{"width":415,"height":480,"url":"https:\/\/dein-bizz.de\/blog\/wp-content\/uploads\/2020\/11\/Gruender_Krise_1.png","type":"image\/png"}],"author":"Bianca Schiffgens","twitter_card":"summary_large_image","twitter_misc":{"Verfasst von":"Bianca Schiffgens","Gesch\u00e4tzte Lesezeit":"3\u00a0Minuten"},"schema":{"@context":"https:\/\/schema.org","@graph":[{"@type":"Article","@id":"https:\/\/dein-bizz.de\/blog\/gruender-krise\/#article","isPartOf":{"@id":"https:\/\/dein-bizz.de\/blog\/gruender-krise\/"},"author":{"name":"Bianca Schiffgens","@id":"https:\/\/dein-bizz.de\/blog\/#\/schema\/person\/3a59eb9b6abbdae39212ce87b760817e"},"headline":"Sind Gr\u00fcnder die gr\u00f6\u00dften Verlier in der Krise?","datePublished":"2020-06-15T08:00:53+00:00","dateModified":"2020-11-13T14:26:17+00:00","mainEntityOfPage":{"@id":"https:\/\/dein-bizz.de\/blog\/gruender-krise\/"},"wordCount":584,"publisher":{"@id":"https:\/\/dein-bizz.de\/blog\/#organization"},"inLanguage":"de"},{"@type":"WebPage","@id":"https:\/\/dein-bizz.de\/blog\/gruender-krise\/","url":"https:\/\/dein-bizz.de\/blog\/gruender-krise\/","name":"Sind Gr\u00fcnder die gr\u00f6\u00dften Verlier in der Krise? - Blog - DEIN BIZZ","isPartOf":{"@id":"https:\/\/dein-bizz.de\/blog\/#website"},"datePublished":"2020-06-15T08:00:53+00:00","dateModified":"2020-11-13T14:26:17+00:00","breadcrumb":{"@id":"https:\/\/dein-bizz.de\/blog\/gruender-krise\/#breadcrumb"},"inLanguage":"de","potentialAction":[{"@type":"ReadAction","target":["https:\/\/dein-bizz.de\/blog\/gruender-krise\/"]}]},{"@type":"BreadcrumbList","@id":"https:\/\/dein-bizz.de\/blog\/gruender-krise\/#breadcrumb","itemListElement":[{"@type":"ListItem","position":1,"name":"Startseite","item":"https:\/\/dein-bizz.de\/blog\/"},{"@type":"ListItem","position":2,"name":"Sind Gr\u00fcnder die gr\u00f6\u00dften Verlier in der Krise?"}]},{"@type":"WebSite","@id":"https:\/\/dein-bizz.de\/blog\/#website","url":"https:\/\/dein-bizz.de\/blog\/","name":"Blog - DEIN BIZZ","description":"","publisher":{"@id":"https:\/\/dein-bizz.de\/blog\/#organization"},"potentialAction":[{"@type":"SearchAction","target":{"@type":"EntryPoint","urlTemplate":"https:\/\/dein-bizz.de\/blog\/?s={search_term_string}"},"query-input":"required name=search_term_string"}],"inLanguage":"de"},{"@type":"Organization","@id":"https:\/\/dein-bizz.de\/blog\/#organization","name":"Blog - DEIN BIZZ","url":"https:\/\/dein-bizz.de\/blog\/","logo":{"@type":"ImageObject","inLanguage":"de","@id":"https:\/\/dein-bizz.de\/blog\/#\/schema\/logo\/image\/","url":"https:\/\/dein-bizz.de\/blog\/wp-content\/uploads\/2020\/07\/DB_SW-s.png","contentUrl":"https:\/\/dein-bizz.de\/blog\/wp-content\/uploads\/2020\/07\/DB_SW-s.png","width":226,"height":69,"caption":"Blog - DEIN BIZZ"},"image":{"@id":"https:\/\/dein-bizz.de\/blog\/#\/schema\/logo\/image\/"}},{"@type":"Person","@id":"https:\/\/dein-bizz.de\/blog\/#\/schema\/person\/3a59eb9b6abbdae39212ce87b760817e","name":"Bianca Schiffgens","sameAs":["https:\/\/dein-bizz.de"],"url":"https:\/\/dein-bizz.de\/blog\/author\/bi\/"}]}},"_links":{"self":[{"href":"https:\/\/dein-bizz.de\/blog\/wp-json\/wp\/v2\/posts\/184"}],"collection":[{"href":"https:\/\/dein-bizz.de\/blog\/wp-json\/wp\/v2\/posts"}],"about":[{"href":"https:\/\/dein-bizz.de\/blog\/wp-json\/wp\/v2\/types\/post"}],"author":[{"embeddable":true,"href":"https:\/\/dein-bizz.de\/blog\/wp-json\/wp\/v2\/users\/2"}],"replies":[{"embeddable":true,"href":"https:\/\/dein-bizz.de\/blog\/wp-json\/wp\/v2\/comments?post=184"}],"version-history":[{"count":2,"href":"https:\/\/dein-bizz.de\/blog\/wp-json\/wp\/v2\/posts\/184\/revisions"}],"predecessor-version":[{"id":186,"href":"https:\/\/dein-bizz.de\/blog\/wp-json\/wp\/v2\/posts\/184\/revisions\/186"}],"wp:featuredmedia":[{"embeddable":true,"href":"https:\/\/dein-bizz.de\/blog\/wp-json\/wp\/v2\/media\/158"}],"wp:attachment":[{"href":"https:\/\/dein-bizz.de\/blog\/wp-json\/wp\/v2\/media?parent=184"}],"wp:term":[{"taxonomy":"category","embeddable":true,"href":"https:\/\/dein-bizz.de\/blog\/wp-json\/wp\/v2\/categories?post=184"},{"taxonomy":"post_tag","embeddable":true,"href":"https:\/\/dein-bizz.de\/blog\/wp-json\/wp\/v2\/tags?post=184"}],"curies":[{"name":"wp","href":"https:\/\/api.w.org\/{rel}","templated":true}]}}