{"id":164,"date":"2019-09-10T10:00:48","date_gmt":"2019-09-10T08:00:48","guid":{"rendered":"https:\/\/dein-bizz.de\/blog\/?p=164"},"modified":"2020-11-13T15:30:13","modified_gmt":"2020-11-13T14:30:13","slug":"berufsorientierung-berufberatung-koeln","status":"publish","type":"post","link":"https:\/\/dein-bizz.de\/blog\/berufsorientierung-berufberatung-koeln\/","title":{"rendered":"Berufsorientierung &#038; Berufberatung &#8211; Interview aus der Praxis"},"content":{"rendered":"<p>Wir freuen uns immer sehr, wenn wir unsere Erfolgsgeschichten pr\u00e4sentieren d\u00fcrfen, denn\u00a0rund um den Schulabschluss vermissen Jugendlichen oft eine gut strukturierte Berufsorientierung.\u00a0Auch wenn man in den ein oder anderen Berufszweig hinein geschnuppert hat, fehlt meist die finale Beratungshilfe zu Studium oder Ausbildung.<\/p>\n<h2>Justus Grotenh\u00f6fer erz\u00e4hlt uns von seinem Beratungsprozess, den wir begleiten durften und warum bei ihm eine Reise nach dem Abitur sehr wichtig war.<\/h2>\n<p>&nbsp;<\/p>\n<h4><strong>Justus, warum hattest du nach dem Schulabschluss ein Bed\u00fcrfnis nach Orientierung und Beratung?<\/strong><\/h4>\n<p><strong>Justus:<\/strong>\u00a0Als f\u00fcr mich die Schulzeit zu Ende ging, wusste ich nicht so richtig, wo es mit mir beruflich hingehen sollte. Schule war immer sowas leitendes. Man bekommt eine klare Linie vorgegeben und das eine Ziel &#8211; Schulabschluss. In meinem Fall das Abitur. Nat\u00fcrlich habe ich mich auch mal durch den Studikompass, Studifinder und alle m\u00f6glichen Ausbildungsberufe geklickt, aber das hat mich mehr verwirrt als geholfen. Mittlerweile kann man ja fast alles studieren und da habe ich einfach den \u00dcberblick verloren, weil ich auch keine Ahnung hatte, was ich jetzt \u00fcberhaupt beruflich machen m\u00f6chte. Da brauchte ich auf jeden Fall jemand, der mich dadurch f\u00fchrt.<\/p>\n<h4><strong>Wie bist du auf &#8222;DEIN BIZZ&#8220; aufmerksam geworden?<\/strong><\/h4>\n<p><strong>Justus:<\/strong>\u00a0Ich war letztes Jahr auf der\u00a0Jobmesse\u00a0Karrieretag im Rheinenergie Stadion K\u00f6ln, wo sich ja haupts\u00e4chlich Unternehmen und Universit\u00e4ten pr\u00e4sentieren. Darunter wart aber auch ihr mit einem Stand und ich dachte, nachfragen kostet bestimmt nix!<\/p>\n<p><strong>Genau! Wir bieten jedem Interessenten ein kostenfreies\u00a0<a href=\"https:\/\/calendly.com\/biancaschiffgens\/dein-bizz-kostenloses-erstgesprach\">Erstgespr\u00e4ch<\/a>\u00a0an. Wie war dein Eindruck und was hast du aus diesem Gespr\u00e4ch schon mitgenommen?<\/strong><\/p>\n<p><strong>Justus:<\/strong>\u00a0Wir haben uns ca. 20 Minuten unterhalten und ich habe danach noch einen Analysebogen ausgef\u00fcllt. Alleine dabei habe ich gemerkt, was mir dann doch tats\u00e4chlich noch alles fehlt, bzw. wobei ich Unterst\u00fctzung brauche. Generell habe ich mich direkt sehr wohlgef\u00fchlt.<\/p>\n<h4><strong>Justus, unsere gemeinsame Beratungszeit war ja l\u00e4nger als gew\u00f6hnlich. Woran hat das gelegen und wie ist der Beratungsprozess generell verlaufen?<\/strong><\/h4>\n<p><strong>Justus:<\/strong>\u00a0Nach der Schule war ich nat\u00fcrlich direkt drauf und dran rauszufinden, welcher Beruf zu mir passt. F\u00fcr mich war jedoch klar, dass ich zuallererst eine Zeit lang reisen wollte.<\/p>\n<p>Die Beratung bei DEIN BIZZ startete im November. Meine Reise sollte f\u00fcnf Monate dauern und startete im Januar. Insgesamt hatten wir vier pers\u00f6nliche Beratungs-termine zusammen und vor meiner Abreise blieb ein Termin \u00fcbrig.\u00a0Wir einigten uns dann, dass wir diesen weglassen und ich mich daf\u00fcr bei allerlei Fragen telefonisch oder per Mail w\u00e4hrend und nach meiner Reise bei Bianca melden konnte.<\/p>\n<p>Zu diesem Zeitpunkt habe ich mich mit ihrer Hilfe beim Rheinland-Pf\u00e4lzischen Rundfunk (<a href=\"https:\/\/www.rpr1.de\/radioplayer\/rpr1-koeln-bonn\">RPR1<\/a>) im Studio K\u00f6ln, f\u00fcr ein dreimonatiges Praktikum beworben. Ohne sie w\u00e4re ich darauf gar nicht aufmerksam geworden. Die Zusage f\u00fcr den Platz habe ich dann einige Wochen sp\u00e4ter bekommen.<\/p>\n<p><img loading=\"lazy\" decoding=\"async\" class=\"wp-image-135 alignleft\" src=\"https:\/\/dein-bizz.de\/blog\/wp-content\/uploads\/2020\/11\/IMG_0246-169x300.png\" alt=\"\" width=\"140\" height=\"249\" srcset=\"https:\/\/dein-bizz.de\/blog\/wp-content\/uploads\/2020\/11\/IMG_0246-169x300.png 169w, https:\/\/dein-bizz.de\/blog\/wp-content\/uploads\/2020\/11\/IMG_0246-576x1024.png 576w, https:\/\/dein-bizz.de\/blog\/wp-content\/uploads\/2020\/11\/IMG_0246.png 750w\" sizes=\"(max-width: 140px) 100vw, 140px\" \/>Auch w\u00e4hrend meiner Zeit im Ausland hatten Bianca und ich noch Kontakt. Sie war immer interessiert, hat mich oft gefragt, wo auf der Welt ich gerade stecke und was ich w\u00e4hrend der Zeit so erlebe. Es wirkte nie so, als w\u00fcrde es ihr nur darum gehen mich m\u00f6glichst schnell irgendwo unterzubringen und nach der Beratung als Kunde &#8222;abzuhaken&#8220;.<\/p>\n<h4><\/h4>\n<h4><strong>Welche Vorkenntnisse hattest du bevor du zu uns gekommen bist und wo konnten wir dich genau unterst\u00fctzen?<\/strong><\/h4>\n<p><strong>Justus:<\/strong>\u00a0In der 10. Klasse war ich bei meinem Sch\u00fclerpraktikum zwei Wochen beim Fernsehen und dort habe ich immerhin schnell gemerkt, dass ich in die Richtung &#8222;irgendwas mit Medien&#8220; wollte. In der Schule habe ich einen Kurs belegt, bei dem es haupts\u00e4chlich um Film und Fotografie ging. Da mir auch schon oft genug gesagt wurde, dass ich eine angenehme Stimme h\u00e4tte und gut erz\u00e4hlen k\u00f6nne, schaute ich f\u00fcr einen Tag auch mal die Welt des Synchronsprechens. Das hat mich auch sehr fasziniert. Unterst\u00fctzen konntet ihr mich insofern, da ihr mich auf die Idee brachtet, mal ins Radio zu horchen. Dort wird ja redaktionelle Arbeit, die es auch beim Fernsehen gibt, mit der eigenen Stimme vor dem Mikro verbunden. Ich selbst hatte die M\u00f6glichkeit RADIO gar nicht auf dem Schirm.<\/p>\n<h4><strong>Justus &#8211; du und deine Pers\u00f6nlichkeit. Hast du w\u00e4hrend unserer Beratung speziell etwas \u00fcber dich lernen k\u00f6nnen?<\/strong><\/h4>\n<p><strong>Justus:<\/strong>\u00a0Definitiv! In der Beratung muss man nat\u00fcrlich erstmal bereit sein, viel \u00fcber sich zu erz\u00e4hlen. Da ich grunds\u00e4tzlich ein offener Menschen bin, war das kein Problem. Trotzdem ist es erstmal komisch, einer zu Beginn komplett fremden Person, so viel \u00fcber sein Leben zu erz\u00e4hlen. Ich hatte jedoch sehr viel Spa\u00df daran und habe dabei auch gemerkt, dass ich in meinem sp\u00e4teren Berufsleben auf jeden Fall mit vielen verschiedenen Menschen im Team zusammen arbeiten will und absolut kein Typ f\u00fcrs Handwerk oder die IT-Abteilung bin.<\/p>\n<p><img loading=\"lazy\" decoding=\"async\" class=\"size-medium wp-image-133 alignleft\" src=\"https:\/\/dein-bizz.de\/blog\/wp-content\/uploads\/2020\/11\/IMG_0251-169x300.png\" alt=\"\" width=\"169\" height=\"300\" srcset=\"https:\/\/dein-bizz.de\/blog\/wp-content\/uploads\/2020\/11\/IMG_0251-169x300.png 169w, https:\/\/dein-bizz.de\/blog\/wp-content\/uploads\/2020\/11\/IMG_0251-576x1024.png 576w, https:\/\/dein-bizz.de\/blog\/wp-content\/uploads\/2020\/11\/IMG_0251.png 750w\" sizes=\"(max-width: 169px) 100vw, 169px\" \/><\/p>\n<p>In den Gespr\u00e4chen merkte ich einerseits, wie schnell man doch Berufsfelder f\u00fcr sich eingrenzen konnte. Zweitens habe ich pers\u00f6nlich auch sehr viel \u00fcber meinen Charakter lernen k\u00f6nnen und in wieweit dieser den sp\u00e4teren Beruf bestimmt &#8211; vorausgesetzt man will dabei auch Spa\u00df haben und ist nicht nur auf Geld aus. Bei mir sollte das so sein und die Entwicklung von einem Beratungsgespr\u00e4ch zum n\u00e4chsten zu sp\u00fcren, war f\u00fcr mich bei DEIN BIZZ total spannend.<\/p>\n<h3><\/h3>\n<h4><strong>Wir haben zusammen deine Bewerbung erarbeitet, vom Layout, deinem individuellem, pers\u00f6nlichen Anschreiben, bis hin zur Onlineformatierung. Welche Tipps hast du f\u00fcr Jugendliche, die sich im Bewerbungsprozess befinden oder gerade darauf vorbereiten?<\/strong><\/h4>\n<p><strong>Justus:<\/strong>\u00a0Ich hatte leider immer wenig Motivation mich an meine Bewerbungs-unterlagen zu setzen und sie zu erstellen, bzw. zu \u00fcberarbeiten. Doch es lohnt sich und im Nachhinein kann ich jedem nur empfehlen sich M\u00fche zu geben und daf\u00fcr auch mal einen kompletten Sonntag zu opfern.<\/p>\n<p>Mit deinen Unterlagen willst du ja einen bleibenden Eindruck hinterlassen und dich von anderen abheben! Auch bei meiner Beratung habt ihr mir in Sachen Bewerbung sehr unter die Arme gegriffen und mir oft in den Hintern getreten, wof\u00fcr ich im Nachhinein sehr dankbar bin. Am Ende war ich dann auch sehr stolz auf meine\u00a0Bewerbungsunterlagen.\u00a0Also h\u00e4ngt euch rein beim Anschreiben und allem was dazu geh\u00f6rt, das ist euer Aush\u00e4ngeschild.<\/p>\n<h4><strong>Viele Jugendliche haben sehr viel Respekt vor den anstehenden Vorstellungsgespr\u00e4chen. Inwieweit haben wir dich dahingehend unterst\u00fctzen k\u00f6nnen und was ist dein exklusiver Rat f\u00fcr diejenigen, die das erste Gespr\u00e4ch noch vor sich haben?<\/strong><\/h4>\n<p><strong>Justus:<\/strong>\u00a0Respekt sollte man nat\u00fcrlich haben, wenn man mit dem potenziellen Arbeitgeber ins Gespr\u00e4ch kommt, trotzdem sollte man locker bleiben! Sagt sich immer so leicht, aber ihr habt gar keinen Grund euch vorher jeck zu machen. Auch vor meinem Vorstellungsgespr\u00e4ch f\u00fcr meine jetzige Ausbildung hat mir Bianca gute Tipps mit auf den Weg geben k\u00f6nnen.<\/p>\n<p>Wenn man euch zu einem Vorstellungsgespr\u00e4ch einl\u00e4dt, dann will man euch einfach erstmal kennenlernen und meiner Erfahrung nach ist das in den meisten F\u00e4llen ein sehr angenehmes und lockeres Gespr\u00e4ch und kein Monolog oder Vortrag &#8211; ihr kandidiert ja nicht zum Amt des Pr\u00e4sidenten. Seid selbstbewusst, wenn ihr Bock auf den Job habt und denkt, dass das genau euer Ding ist. Dann geht man n\u00e4mlich auch genau so ins Gespr\u00e4ch.<\/p>\n<p>Die Beratung bei DEIN BIZZ war f\u00fcr mich jedenfalls eine gute \u00dcbung lockerer ins Vorstellungsgespr\u00e4ch zu gehen, weil man Fragen, die dort vorkommen k\u00f6nnen f\u00fcr sich schon beantworten kann. Da hilft das pers\u00f6nliche Coaching doch sehr. Man sollte aber auch nicht zu viel von sich selbst reden, stellt auch mal Fragen an euren Gegen\u00fcber, das kommt auf jeden Fall gut. Denn wie bereits gesagt ist es ja ein Gespr\u00e4ch und kein Vortrag.<\/p>\n<h4><strong>Was passierte nach der Beratungszeit Justus? War die Begleitung dann beendet?<\/strong><\/h4>\n<p><strong>Justus:<\/strong>\u00a0Absolut nicht. Die Beratung ist bei mir schon fast ein Jahr her und dennoch sind wir immer mal wieder in Kontakt, da Bianca weiterhin nachfragt, wie es denn bei einem l\u00e4uft.<\/p>\n<h4><strong>Hat sich f\u00fcr dich und deine Eltern die Investition in deine Beratung ausgezahlt?<\/strong><\/h4>\n<p><strong>Justus:<\/strong>\u00a0Keine Frage, so eine Beratung kostet Geld. Mich pers\u00f6nlich hat es aber wirklich weiter gebracht und meinen Eltern war es jeden Cent wert. Ich kann die Beratung wirklich jedem empfehlen der momentan nicht so ganz wei\u00df, wo es mit ihm hingehen soll.<\/p>\n<h4><strong>Justus, was genau hat dich weitergebracht und bist du deinem Ziel (Wunschberuf) ein St\u00fcck n\u00e4her gekommen?<\/strong><\/h4>\n<p><strong>Justus:<\/strong>\u00a0Beim Coaching habe ich gemerkt, dass f\u00fcr mich eine Ausbildung aktuell besser ist als ein Studium, da ich eher der Typ bin, der sich mit der Praxis besch\u00e4ftigen will, als im Studium haupts\u00e4chlich die Theorie zu pauken.<\/p>\n<p>Mittlerweile hat meine Ausbildung als Kaufmann f\u00fcr audiovisuelle Medien in einer TV-Produktionsfirma begonnen &#8211; ist quasi das BWL Studium als Ausbildung beim Fernsehen. Auf jeden Fall merke ich, dass diese Richtung f\u00fcr mich richtig ist. Au\u00dferdem gibt es danach eine Menge Weiterbildungsm\u00f6glichkeiten, ein Studium k\u00f6nnte ich im Anschluss immer noch dran h\u00e4ngen.<\/p>\n<p>Alles in allem hat mir die Beratung sehr geholfen herauszufinden, was ich f\u00fcr ein Typ bin und in welche Berufsrichtung ich reinpasse, sodass es mir auch in ein paar Jahren noch Spass macht, jeden Tag zur Arbeit zu gehen.<\/p>\n<h3><strong>Herzlichen Dank f\u00fcr deine Geschichte Justus und wir freuen uns immer von dir zu h\u00f6ren und verfolgen weiter gespannt deinen Weg!<\/strong><\/h3>\n<p>DEIN BIZZ &#8211; die Redaktion<\/p>\n<p>Fragen zum Interview oder wie eine Beratung bei uns abl\u00e4uft? Melde dich gerne per E-Mail unter <a href=\"mailto:info@deinbizz.de\">info@deinbizz.de<\/a> &#8211; Wir beraten dich online oder auch in unserem B\u00fcro in K\u00f6ln.<\/p>\n","protected":false},"excerpt":{"rendered":"<p><span class=\"rt-reading-time\" style=\"display: block;\"><span class=\"rt-label rt-prefix\">Lesezeit:<\/span> <span class=\"rt-time\">6<\/span> <span class=\"rt-label rt-postfix\">Minuten<\/span><\/span> Wir freuen uns immer sehr, wenn wir unsere Erfolgsgeschichten pr\u00e4sentieren d\u00fcrfen, denn\u00a0rund um den Schulabschluss vermissen Jugendlichen oft eine gut strukturierte Berufsorientierung.\u00a0Auch wenn man in<\/p>\n","protected":false},"author":2,"featured_media":134,"comment_status":"closed","ping_status":"closed","sticky":false,"template":"","format":"standard","meta":{"footnotes":""},"categories":[1],"tags":[],"yoast_head":"<!-- This site is optimized with the Yoast SEO plugin v21.9.1 - https:\/\/yoast.com\/wordpress\/plugins\/seo\/ -->\n<title>Berufsorientierung &amp; Berufberatung - Interview aus der Praxis - Blog - DEIN BIZZ<\/title>\n<meta name=\"robots\" content=\"index, follow, max-snippet:-1, max-image-preview:large, max-video-preview:-1\" \/>\n<link rel=\"canonical\" href=\"https:\/\/dein-bizz.de\/blog\/berufsorientierung-berufberatung-koeln\/\" \/>\n<meta property=\"og:locale\" content=\"de_DE\" \/>\n<meta property=\"og:type\" content=\"article\" \/>\n<meta property=\"og:title\" content=\"Berufsorientierung &amp; Berufberatung - Interview aus der Praxis - Blog - DEIN BIZZ\" \/>\n<meta property=\"og:description\" content=\"Lesezeit: 6 Minuten Wir freuen uns immer sehr, wenn wir unsere Erfolgsgeschichten pr\u00e4sentieren d\u00fcrfen, denn\u00a0rund um den Schulabschluss vermissen Jugendlichen oft eine gut strukturierte Berufsorientierung.\u00a0Auch wenn man in\" \/>\n<meta property=\"og:url\" content=\"https:\/\/dein-bizz.de\/blog\/berufsorientierung-berufberatung-koeln\/\" \/>\n<meta property=\"og:site_name\" content=\"Blog - DEIN BIZZ\" \/>\n<meta property=\"article:published_time\" content=\"2019-09-10T08:00:48+00:00\" \/>\n<meta property=\"article:modified_time\" content=\"2020-11-13T14:30:13+00:00\" \/>\n<meta property=\"og:image\" content=\"https:\/\/dein-bizz.de\/blog\/wp-content\/uploads\/2020\/11\/IMG_0245.png\" \/>\n\t<meta property=\"og:image:width\" content=\"750\" \/>\n\t<meta property=\"og:image:height\" content=\"1334\" \/>\n\t<meta property=\"og:image:type\" content=\"image\/png\" \/>\n<meta name=\"author\" content=\"Bianca Schiffgens\" \/>\n<meta name=\"twitter:card\" content=\"summary_large_image\" \/>\n<meta name=\"twitter:label1\" content=\"Verfasst von\" \/>\n\t<meta name=\"twitter:data1\" content=\"Bianca Schiffgens\" \/>\n\t<meta name=\"twitter:label2\" content=\"Gesch\u00e4tzte Lesezeit\" \/>\n\t<meta name=\"twitter:data2\" content=\"8\u00a0Minuten\" \/>\n<script type=\"application\/ld+json\" class=\"yoast-schema-graph\">{\"@context\":\"https:\/\/schema.org\",\"@graph\":[{\"@type\":\"Article\",\"@id\":\"https:\/\/dein-bizz.de\/blog\/berufsorientierung-berufberatung-koeln\/#article\",\"isPartOf\":{\"@id\":\"https:\/\/dein-bizz.de\/blog\/berufsorientierung-berufberatung-koeln\/\"},\"author\":{\"name\":\"Bianca Schiffgens\",\"@id\":\"https:\/\/dein-bizz.de\/blog\/#\/schema\/person\/3a59eb9b6abbdae39212ce87b760817e\"},\"headline\":\"Berufsorientierung &#038; Berufberatung &#8211; Interview aus der Praxis\",\"datePublished\":\"2019-09-10T08:00:48+00:00\",\"dateModified\":\"2020-11-13T14:30:13+00:00\",\"mainEntityOfPage\":{\"@id\":\"https:\/\/dein-bizz.de\/blog\/berufsorientierung-berufberatung-koeln\/\"},\"wordCount\":1625,\"publisher\":{\"@id\":\"https:\/\/dein-bizz.de\/blog\/#organization\"},\"inLanguage\":\"de\"},{\"@type\":\"WebPage\",\"@id\":\"https:\/\/dein-bizz.de\/blog\/berufsorientierung-berufberatung-koeln\/\",\"url\":\"https:\/\/dein-bizz.de\/blog\/berufsorientierung-berufberatung-koeln\/\",\"name\":\"Berufsorientierung & Berufberatung - Interview aus der Praxis - Blog - DEIN BIZZ\",\"isPartOf\":{\"@id\":\"https:\/\/dein-bizz.de\/blog\/#website\"},\"datePublished\":\"2019-09-10T08:00:48+00:00\",\"dateModified\":\"2020-11-13T14:30:13+00:00\",\"breadcrumb\":{\"@id\":\"https:\/\/dein-bizz.de\/blog\/berufsorientierung-berufberatung-koeln\/#breadcrumb\"},\"inLanguage\":\"de\",\"potentialAction\":[{\"@type\":\"ReadAction\",\"target\":[\"https:\/\/dein-bizz.de\/blog\/berufsorientierung-berufberatung-koeln\/\"]}]},{\"@type\":\"BreadcrumbList\",\"@id\":\"https:\/\/dein-bizz.de\/blog\/berufsorientierung-berufberatung-koeln\/#breadcrumb\",\"itemListElement\":[{\"@type\":\"ListItem\",\"position\":1,\"name\":\"Startseite\",\"item\":\"https:\/\/dein-bizz.de\/blog\/\"},{\"@type\":\"ListItem\",\"position\":2,\"name\":\"Berufsorientierung &#038; Berufberatung &#8211; Interview aus der Praxis\"}]},{\"@type\":\"WebSite\",\"@id\":\"https:\/\/dein-bizz.de\/blog\/#website\",\"url\":\"https:\/\/dein-bizz.de\/blog\/\",\"name\":\"Blog - DEIN BIZZ\",\"description\":\"\",\"publisher\":{\"@id\":\"https:\/\/dein-bizz.de\/blog\/#organization\"},\"potentialAction\":[{\"@type\":\"SearchAction\",\"target\":{\"@type\":\"EntryPoint\",\"urlTemplate\":\"https:\/\/dein-bizz.de\/blog\/?s={search_term_string}\"},\"query-input\":\"required name=search_term_string\"}],\"inLanguage\":\"de\"},{\"@type\":\"Organization\",\"@id\":\"https:\/\/dein-bizz.de\/blog\/#organization\",\"name\":\"Blog - DEIN BIZZ\",\"url\":\"https:\/\/dein-bizz.de\/blog\/\",\"logo\":{\"@type\":\"ImageObject\",\"inLanguage\":\"de\",\"@id\":\"https:\/\/dein-bizz.de\/blog\/#\/schema\/logo\/image\/\",\"url\":\"https:\/\/dein-bizz.de\/blog\/wp-content\/uploads\/2020\/07\/DB_SW-s.png\",\"contentUrl\":\"https:\/\/dein-bizz.de\/blog\/wp-content\/uploads\/2020\/07\/DB_SW-s.png\",\"width\":226,\"height\":69,\"caption\":\"Blog - DEIN BIZZ\"},\"image\":{\"@id\":\"https:\/\/dein-bizz.de\/blog\/#\/schema\/logo\/image\/\"}},{\"@type\":\"Person\",\"@id\":\"https:\/\/dein-bizz.de\/blog\/#\/schema\/person\/3a59eb9b6abbdae39212ce87b760817e\",\"name\":\"Bianca Schiffgens\",\"sameAs\":[\"https:\/\/dein-bizz.de\"],\"url\":\"https:\/\/dein-bizz.de\/blog\/author\/bi\/\"}]}<\/script>\n<!-- \/ Yoast SEO plugin. -->","yoast_head_json":{"title":"Berufsorientierung & Berufberatung - Interview aus der Praxis - Blog - DEIN BIZZ","robots":{"index":"index","follow":"follow","max-snippet":"max-snippet:-1","max-image-preview":"max-image-preview:large","max-video-preview":"max-video-preview:-1"},"canonical":"https:\/\/dein-bizz.de\/blog\/berufsorientierung-berufberatung-koeln\/","og_locale":"de_DE","og_type":"article","og_title":"Berufsorientierung & Berufberatung - Interview aus der Praxis - Blog - DEIN BIZZ","og_description":"Lesezeit: 6 Minuten Wir freuen uns immer sehr, wenn wir unsere Erfolgsgeschichten pr\u00e4sentieren d\u00fcrfen, denn\u00a0rund um den Schulabschluss vermissen Jugendlichen oft eine gut strukturierte Berufsorientierung.\u00a0Auch wenn man in","og_url":"https:\/\/dein-bizz.de\/blog\/berufsorientierung-berufberatung-koeln\/","og_site_name":"Blog - DEIN BIZZ","article_published_time":"2019-09-10T08:00:48+00:00","article_modified_time":"2020-11-13T14:30:13+00:00","og_image":[{"width":750,"height":1334,"url":"https:\/\/dein-bizz.de\/blog\/wp-content\/uploads\/2020\/11\/IMG_0245.png","type":"image\/png"}],"author":"Bianca Schiffgens","twitter_card":"summary_large_image","twitter_misc":{"Verfasst von":"Bianca Schiffgens","Gesch\u00e4tzte Lesezeit":"8\u00a0Minuten"},"schema":{"@context":"https:\/\/schema.org","@graph":[{"@type":"Article","@id":"https:\/\/dein-bizz.de\/blog\/berufsorientierung-berufberatung-koeln\/#article","isPartOf":{"@id":"https:\/\/dein-bizz.de\/blog\/berufsorientierung-berufberatung-koeln\/"},"author":{"name":"Bianca Schiffgens","@id":"https:\/\/dein-bizz.de\/blog\/#\/schema\/person\/3a59eb9b6abbdae39212ce87b760817e"},"headline":"Berufsorientierung &#038; Berufberatung &#8211; Interview aus der Praxis","datePublished":"2019-09-10T08:00:48+00:00","dateModified":"2020-11-13T14:30:13+00:00","mainEntityOfPage":{"@id":"https:\/\/dein-bizz.de\/blog\/berufsorientierung-berufberatung-koeln\/"},"wordCount":1625,"publisher":{"@id":"https:\/\/dein-bizz.de\/blog\/#organization"},"inLanguage":"de"},{"@type":"WebPage","@id":"https:\/\/dein-bizz.de\/blog\/berufsorientierung-berufberatung-koeln\/","url":"https:\/\/dein-bizz.de\/blog\/berufsorientierung-berufberatung-koeln\/","name":"Berufsorientierung & Berufberatung - Interview aus der Praxis - Blog - DEIN BIZZ","isPartOf":{"@id":"https:\/\/dein-bizz.de\/blog\/#website"},"datePublished":"2019-09-10T08:00:48+00:00","dateModified":"2020-11-13T14:30:13+00:00","breadcrumb":{"@id":"https:\/\/dein-bizz.de\/blog\/berufsorientierung-berufberatung-koeln\/#breadcrumb"},"inLanguage":"de","potentialAction":[{"@type":"ReadAction","target":["https:\/\/dein-bizz.de\/blog\/berufsorientierung-berufberatung-koeln\/"]}]},{"@type":"BreadcrumbList","@id":"https:\/\/dein-bizz.de\/blog\/berufsorientierung-berufberatung-koeln\/#breadcrumb","itemListElement":[{"@type":"ListItem","position":1,"name":"Startseite","item":"https:\/\/dein-bizz.de\/blog\/"},{"@type":"ListItem","position":2,"name":"Berufsorientierung &#038; Berufberatung &#8211; Interview aus der Praxis"}]},{"@type":"WebSite","@id":"https:\/\/dein-bizz.de\/blog\/#website","url":"https:\/\/dein-bizz.de\/blog\/","name":"Blog - DEIN BIZZ","description":"","publisher":{"@id":"https:\/\/dein-bizz.de\/blog\/#organization"},"potentialAction":[{"@type":"SearchAction","target":{"@type":"EntryPoint","urlTemplate":"https:\/\/dein-bizz.de\/blog\/?s={search_term_string}"},"query-input":"required name=search_term_string"}],"inLanguage":"de"},{"@type":"Organization","@id":"https:\/\/dein-bizz.de\/blog\/#organization","name":"Blog - DEIN BIZZ","url":"https:\/\/dein-bizz.de\/blog\/","logo":{"@type":"ImageObject","inLanguage":"de","@id":"https:\/\/dein-bizz.de\/blog\/#\/schema\/logo\/image\/","url":"https:\/\/dein-bizz.de\/blog\/wp-content\/uploads\/2020\/07\/DB_SW-s.png","contentUrl":"https:\/\/dein-bizz.de\/blog\/wp-content\/uploads\/2020\/07\/DB_SW-s.png","width":226,"height":69,"caption":"Blog - DEIN BIZZ"},"image":{"@id":"https:\/\/dein-bizz.de\/blog\/#\/schema\/logo\/image\/"}},{"@type":"Person","@id":"https:\/\/dein-bizz.de\/blog\/#\/schema\/person\/3a59eb9b6abbdae39212ce87b760817e","name":"Bianca Schiffgens","sameAs":["https:\/\/dein-bizz.de"],"url":"https:\/\/dein-bizz.de\/blog\/author\/bi\/"}]}},"_links":{"self":[{"href":"https:\/\/dein-bizz.de\/blog\/wp-json\/wp\/v2\/posts\/164"}],"collection":[{"href":"https:\/\/dein-bizz.de\/blog\/wp-json\/wp\/v2\/posts"}],"about":[{"href":"https:\/\/dein-bizz.de\/blog\/wp-json\/wp\/v2\/types\/post"}],"author":[{"embeddable":true,"href":"https:\/\/dein-bizz.de\/blog\/wp-json\/wp\/v2\/users\/2"}],"replies":[{"embeddable":true,"href":"https:\/\/dein-bizz.de\/blog\/wp-json\/wp\/v2\/comments?post=164"}],"version-history":[{"count":4,"href":"https:\/\/dein-bizz.de\/blog\/wp-json\/wp\/v2\/posts\/164\/revisions"}],"predecessor-version":[{"id":192,"href":"https:\/\/dein-bizz.de\/blog\/wp-json\/wp\/v2\/posts\/164\/revisions\/192"}],"wp:featuredmedia":[{"embeddable":true,"href":"https:\/\/dein-bizz.de\/blog\/wp-json\/wp\/v2\/media\/134"}],"wp:attachment":[{"href":"https:\/\/dein-bizz.de\/blog\/wp-json\/wp\/v2\/media?parent=164"}],"wp:term":[{"taxonomy":"category","embeddable":true,"href":"https:\/\/dein-bizz.de\/blog\/wp-json\/wp\/v2\/categories?post=164"},{"taxonomy":"post_tag","embeddable":true,"href":"https:\/\/dein-bizz.de\/blog\/wp-json\/wp\/v2\/tags?post=164"}],"curies":[{"name":"wp","href":"https:\/\/api.w.org\/{rel}","templated":true}]}}